{"id":5531,"date":"2022-02-22T16:44:44","date_gmt":"2022-02-22T16:44:44","guid":{"rendered":"https:\/\/direitoshumanos.pt\/2022\/02\/human-rights-day-2019\/"},"modified":"2022-02-22T16:44:47","modified_gmt":"2022-02-22T16:44:47","slug":"human-rights-day-2019","status":"publish","type":"post","link":"https:\/\/direitoshumanos.pt\/en\/2022\/02\/human-rights-day-2019\/","title":{"rendered":"Human Rights Day\u2013 2019"},"content":{"rendered":"\n<p>On the 10th of December, 2019, at Museu do Oriente, Lisbon, the Portuguese Human Rights League \u2013 Civitas hold a celebratory ceremony Anniversary of the Universal Declaration of Human Rights.<\/p>\n\n<p>The panels were secured by: H.E. the Minister of Justice, Ms. Francisca Van Dunem, Mr. Carlos Monjardino, President of Funda\u00e7\u00e3o Oriente and of the Advisory Council of the League, Mrs. Virg\u00ednia Br\u00e1s Gomes, a former member of the United Nations Committee on Economic, Social and Cultural Rights and by Mr. Vitor Gra\u00e7a, President of the Direction of the League.  <\/p>\n\n<p>The highest important moment in this ceremony was the tribute to Ms. Teresa Tito de Morais, for all her life and work on Human Rights defence, and especially, for having founding of the Center for Refugees, where so much is done in defending and hosting these vulnerable people. <\/p>\n\n<p>Mr. Jorge Leit\u00e3o, former high-commissar for Immigration and Ethnic Minorities (ACIME), praised the life and work of Ms. Teresa Tito de Morais, and Mr. Fernando Lima, President of the National Plenary of the League and of the Gr\u00e9mio Lusitano, handed over the badge of Honor of the Portuguese Human Rights League \u2013 Civitas. <\/p>\n\n<p>The lively rhythms were performed by Batoto Yetu Portugal, the eternal music of Dany Silva, violinist Nuno Flores, Paulo Matos and Filomena Gon\u00e7alves recited poetry, and Silvestre Fonseca played classic guitar.<\/p>\n\n<p>H.E. the President of the Portuguese Republic, Mr. Marcelo Rebelo de Sousa, addressed a written message on the occasion ofthe Celebratory Ceremony, read by young Maria Esqu\u00edvel, from R\u00e1dio Mi\u00fados.<\/p>\n\n<p>Before closing the Celebratory Ceremony of the Human Rights Day, Mr. Jo\u00e3o Constantino, Vice-Chairman Portuguese Human Rights League \u2013 Civitas, called to the stage the panelists, the artist and sponsor entities that made possible this event, to handed a badge of recognition.<\/p>\n\n<p>To the abovementioned, the following were praised for all the given cooperation and dedication: Colonel Apr\u00edgio Ramalho from Associa\u00e7\u00e3o 25 de Abril, Mr. Pablo Barreiro from SUMA SA, Eng. Paulo Aradas from CGI, Mr. Fernando Sabino from the Portuguese Association &#8211; Facility Services (APFS), Mr. Alexandre Luz from Next power, designer Mr. Nuno Henriques and Mr. Rui Portugal Pedrosa, Vice-Chairman of the League.<\/p>\n\n<p>We take this opportunity to thankMr. Alexandre Luz (Nextpower), Ms. Filipa Galante, Eng. Tiago Neves (Workforce Agency), GESTI, Mr. Jos\u00e9 Meira da Cunha (Associa\u00e7\u00e3o Humana Fraternitas), and R\u00e1dio Mi\u00fados, the media sponsor of the event. <\/p>\n\n<p>It underwent a collection of signatures from European Citizens&#8217; Initiative \u201cHabita\u00e7\u00e3o para Toda a Gente\u201d (House to Everyone), promoted by Associa\u00e7\u00e3o dos Inquilinos Lisbonenses.<\/p>\n\n<p>Photographs of the ceremony:<a rel=\"noopener\" href=\"https:\/\/www.facebook.com\/LPDHC\/posts\/2571003376308594\" target=\"_blank\">at the end of the post.<\/a><\/p>\n\n<div style=\"height:30px\" aria-hidden=\"true\" class=\"wp-block-spacer\"><\/div>\n\n<figure class=\"wp-block-gallery columns-6 is-cropped wp-block-gallery-1 is-layout-flex wp-block-gallery-is-layout-flex\"><ul class=\"blocks-gallery-grid\"><li class=\"blocks-gallery-item\"><figure><a href=\"https:\/\/direitoshumanos.pt\/wp-content\/uploads\/dia-internacional-direitos-humanos-2019-1-min.jpg\"><img loading=\"lazy\" decoding=\"async\" width=\"150\" height=\"150\" src=\"https:\/\/direitoshumanos.pt\/wp-content\/uploads\/\/dia-internacional-direitos-humanos-2019-1-min-150x150.jpg\" alt=\"\" data-id=\"4583\" data-full-url=\"https:\/\/direitoshumanos.pt\/wp-content\/uploads\/dia-internacional-direitos-humanos-2019-1-min.jpg\" data-link=\"https:\/\/direitoshumanos.pt\/2019\/12\/dia-internacional-dos-direitos-humanos-2019\/dia-internacional-direitos-humanos-2019-1-min\/\" class=\"wp-image-4584\"\/><\/a><\/figure><\/li><li class=\"blocks-gallery-item\"><figure><a href=\"https:\/\/direitoshumanos.pt\/wp-content\/uploads\/dia-internacional-direitos-humanos-2019-2-min.jpg\"><img loading=\"lazy\" decoding=\"async\" width=\"150\" height=\"150\" src=\"https:\/\/direitoshumanos.pt\/wp-content\/uploads\/\/dia-internacional-direitos-humanos-2019-2-min-150x150.jpg\" alt=\"\" data-id=\"4586\" data-full-url=\"https:\/\/direitoshumanos.pt\/wp-content\/uploads\/dia-internacional-direitos-humanos-2019-2-min.jpg\" data-link=\"https:\/\/direitoshumanos.pt\/2019\/12\/dia-internacional-dos-direitos-humanos-2019\/dia-internacional-direitos-humanos-2019-2-min\/\" class=\"wp-image-4587\"\/><\/a><\/figure><\/li><li class=\"blocks-gallery-item\"><figure><a href=\"https:\/\/direitoshumanos.pt\/wp-content\/uploads\/dia-internacional-direitos-humanos-2019-3-min.jpg\"><img loading=\"lazy\" decoding=\"async\" width=\"150\" height=\"150\" src=\"https:\/\/direitoshumanos.pt\/wp-content\/uploads\/\/dia-internacional-direitos-humanos-2019-3-min-150x150.jpg\" alt=\"\" data-id=\"4588\" data-full-url=\"https:\/\/direitoshumanos.pt\/wp-content\/uploads\/dia-internacional-direitos-humanos-2019-3-min.jpg\" data-link=\"https:\/\/direitoshumanos.pt\/2019\/12\/dia-internacional-dos-direitos-humanos-2019\/dia-internacional-direitos-humanos-2019-3-min\/\" class=\"wp-image-4589\"\/><\/a><\/figure><\/li><li class=\"blocks-gallery-item\"><figure><a href=\"https:\/\/direitoshumanos.pt\/wp-content\/uploads\/dia-internacional-direitos-humanos-2019-4-min.jpg\"><img loading=\"lazy\" decoding=\"async\" width=\"150\" height=\"150\" src=\"https:\/\/direitoshumanos.pt\/wp-content\/uploads\/\/dia-internacional-direitos-humanos-2019-4-min-150x150.jpg\" alt=\"\" data-id=\"4590\" data-full-url=\"https:\/\/direitoshumanos.pt\/wp-content\/uploads\/dia-internacional-direitos-humanos-2019-4-min.jpg\" data-link=\"https:\/\/direitoshumanos.pt\/2019\/12\/dia-internacional-dos-direitos-humanos-2019\/dia-internacional-direitos-humanos-2019-4-min\/\" class=\"wp-image-4591\"\/><\/a><\/figure><\/li><li class=\"blocks-gallery-item\"><figure><a href=\"https:\/\/direitoshumanos.pt\/wp-content\/uploads\/dia-internacional-direitos-humanos-2019-6-min.jpg\"><img loading=\"lazy\" decoding=\"async\" width=\"150\" height=\"150\" src=\"https:\/\/direitoshumanos.pt\/wp-content\/uploads\/\/dia-internacional-direitos-humanos-2019-6-min-150x150.jpg\" alt=\"\" data-id=\"4593\" data-full-url=\"https:\/\/direitoshumanos.pt\/wp-content\/uploads\/dia-internacional-direitos-humanos-2019-6-min.jpg\" data-link=\"https:\/\/direitoshumanos.pt\/2019\/12\/dia-internacional-dos-direitos-humanos-2019\/dia-internacional-direitos-humanos-2019-6-min\/\" class=\"wp-image-4594\"\/><\/a><\/figure><\/li><li class=\"blocks-gallery-item\"><figure><a href=\"https:\/\/direitoshumanos.pt\/wp-content\/uploads\/dia-internacional-direitos-humanos-2019-7-min.jpg\"><img loading=\"lazy\" decoding=\"async\" width=\"150\" height=\"150\" src=\"https:\/\/direitoshumanos.pt\/wp-content\/uploads\/\/dia-internacional-direitos-humanos-2019-7-min-150x150.jpg\" alt=\"\" data-id=\"4595\" data-full-url=\"https:\/\/direitoshumanos.pt\/wp-content\/uploads\/dia-internacional-direitos-humanos-2019-7-min.jpg\" data-link=\"https:\/\/direitoshumanos.pt\/2019\/12\/dia-internacional-dos-direitos-humanos-2019\/dia-internacional-direitos-humanos-2019-7-min\/\" class=\"wp-image-4596\"\/><\/a><\/figure><\/li><li class=\"blocks-gallery-item\"><figure><a href=\"https:\/\/direitoshumanos.pt\/wp-content\/uploads\/dia-internacional-direitos-humanos-2019-8-min.jpg\"><img loading=\"lazy\" decoding=\"async\" width=\"150\" height=\"150\" src=\"https:\/\/direitoshumanos.pt\/wp-content\/uploads\/\/dia-internacional-direitos-humanos-2019-8-min-150x150.jpg\" alt=\"\" data-id=\"4597\" data-full-url=\"https:\/\/direitoshumanos.pt\/wp-content\/uploads\/dia-internacional-direitos-humanos-2019-8-min.jpg\" data-link=\"https:\/\/direitoshumanos.pt\/2019\/12\/dia-internacional-dos-direitos-humanos-2019\/dia-internacional-direitos-humanos-2019-8-min\/\" class=\"wp-image-4598\"\/><\/a><\/figure><\/li><li class=\"blocks-gallery-item\"><figure><a href=\"https:\/\/direitoshumanos.pt\/wp-content\/uploads\/dia-internacional-direitos-humanos-2019-9-min.jpg\"><img loading=\"lazy\" decoding=\"async\" width=\"150\" height=\"150\" src=\"https:\/\/direitoshumanos.pt\/wp-content\/uploads\/\/dia-internacional-direitos-humanos-2019-9-min-150x150.jpg\" alt=\"\" data-id=\"4599\" data-full-url=\"https:\/\/direitoshumanos.pt\/wp-content\/uploads\/dia-internacional-direitos-humanos-2019-9-min.jpg\" data-link=\"https:\/\/direitoshumanos.pt\/2019\/12\/dia-internacional-dos-direitos-humanos-2019\/dia-internacional-direitos-humanos-2019-9-min\/\" class=\"wp-image-4600\"\/><\/a><\/figure><\/li><li class=\"blocks-gallery-item\"><figure><a href=\"https:\/\/direitoshumanos.pt\/wp-content\/uploads\/dia-internacional-direitos-humanos-2019-10-min.jpg\"><img loading=\"lazy\" decoding=\"async\" width=\"150\" height=\"150\" src=\"https:\/\/direitoshumanos.pt\/wp-content\/uploads\/\/dia-internacional-direitos-humanos-2019-10-min-150x150.jpg\" alt=\"\" data-id=\"4601\" data-full-url=\"https:\/\/direitoshumanos.pt\/wp-content\/uploads\/dia-internacional-direitos-humanos-2019-10-min.jpg\" data-link=\"https:\/\/direitoshumanos.pt\/2019\/12\/dia-internacional-dos-direitos-humanos-2019\/dia-internacional-direitos-humanos-2019-10-min\/\" class=\"wp-image-4602\"\/><\/a><\/figure><\/li><li class=\"blocks-gallery-item\"><figure><a href=\"https:\/\/direitoshumanos.pt\/wp-content\/uploads\/dia-internacional-direitos-humanos-2019-11-min.jpg\"><img loading=\"lazy\" decoding=\"async\" width=\"150\" height=\"150\" src=\"https:\/\/direitoshumanos.pt\/wp-content\/uploads\/\/dia-internacional-direitos-humanos-2019-11-min-150x150.jpg\" alt=\"\" data-id=\"4603\" data-full-url=\"https:\/\/direitoshumanos.pt\/wp-content\/uploads\/dia-internacional-direitos-humanos-2019-11-min.jpg\" data-link=\"https:\/\/direitoshumanos.pt\/2019\/12\/dia-internacional-dos-direitos-humanos-2019\/dia-internacional-direitos-humanos-2019-11-min\/\" class=\"wp-image-4604\" srcset=\"https:\/\/direitoshumanos.pt\/wp-content\/uploads\/dia-internacional-direitos-humanos-2019-11-min-150x150.jpg 150w, https:\/\/direitoshumanos.pt\/wp-content\/uploads\/dia-internacional-direitos-humanos-2019-11-min-300x300.jpg 300w, https:\/\/direitoshumanos.pt\/wp-content\/uploads\/dia-internacional-direitos-humanos-2019-11-min-1024x1024.jpg 1024w, https:\/\/direitoshumanos.pt\/wp-content\/uploads\/dia-internacional-direitos-humanos-2019-11-min-768x768.jpg 768w, https:\/\/direitoshumanos.pt\/wp-content\/uploads\/dia-internacional-direitos-humanos-2019-11-min-1536x1536.jpg 1536w, https:\/\/direitoshumanos.pt\/wp-content\/uploads\/dia-internacional-direitos-humanos-2019-11-min.jpg 1920w\" sizes=\"auto, (max-width: 150px) 100vw, 150px\" \/><\/a><\/figure><\/li><li class=\"blocks-gallery-item\"><figure><a href=\"https:\/\/direitoshumanos.pt\/wp-content\/uploads\/dia-internacional-direitos-humanos-2019-12-min.jpg\"><img loading=\"lazy\" decoding=\"async\" width=\"150\" height=\"150\" src=\"https:\/\/direitoshumanos.pt\/wp-content\/uploads\/\/dia-internacional-direitos-humanos-2019-12-min-150x150.jpg\" alt=\"\" data-id=\"4605\" data-full-url=\"https:\/\/direitoshumanos.pt\/wp-content\/uploads\/dia-internacional-direitos-humanos-2019-12-min.jpg\" data-link=\"https:\/\/direitoshumanos.pt\/2019\/12\/dia-internacional-dos-direitos-humanos-2019\/dia-internacional-direitos-humanos-2019-12-min\/\" class=\"wp-image-4606\"\/><\/a><\/figure><\/li><li class=\"blocks-gallery-item\"><figure><a href=\"https:\/\/direitoshumanos.pt\/wp-content\/uploads\/dia-internacional-direitos-humanos-2019-13-min.jpg\"><img loading=\"lazy\" decoding=\"async\" width=\"150\" height=\"150\" src=\"https:\/\/direitoshumanos.pt\/wp-content\/uploads\/\/dia-internacional-direitos-humanos-2019-13-min-150x150.jpg\" alt=\"\" data-id=\"4607\" data-full-url=\"https:\/\/direitoshumanos.pt\/wp-content\/uploads\/dia-internacional-direitos-humanos-2019-13-min.jpg\" data-link=\"https:\/\/direitoshumanos.pt\/2019\/12\/dia-internacional-dos-direitos-humanos-2019\/dia-internacional-direitos-humanos-2019-13-min\/\" class=\"wp-image-4608\"\/><\/a><\/figure><\/li><li class=\"blocks-gallery-item\"><figure><a href=\"https:\/\/direitoshumanos.pt\/wp-content\/uploads\/dia-internacional-direitos-humanos-2019-14-min.jpg\"><img loading=\"lazy\" decoding=\"async\" width=\"150\" height=\"150\" src=\"https:\/\/direitoshumanos.pt\/wp-content\/uploads\/\/dia-internacional-direitos-humanos-2019-14-min-150x150.jpg\" alt=\"\" data-id=\"4609\" data-full-url=\"https:\/\/direitoshumanos.pt\/wp-content\/uploads\/dia-internacional-direitos-humanos-2019-14-min.jpg\" data-link=\"https:\/\/direitoshumanos.pt\/2019\/12\/dia-internacional-dos-direitos-humanos-2019\/dia-internacional-direitos-humanos-2019-14-min\/\" class=\"wp-image-4610\"\/><\/a><\/figure><\/li><li class=\"blocks-gallery-item\"><figure><a href=\"https:\/\/direitoshumanos.pt\/wp-content\/uploads\/dia-internacional-direitos-humanos-2019-15-min.jpg\"><img loading=\"lazy\" decoding=\"async\" width=\"150\" height=\"150\" src=\"https:\/\/direitoshumanos.pt\/wp-content\/uploads\/\/dia-internacional-direitos-humanos-2019-15-min-150x150.jpg\" alt=\"\" data-id=\"4611\" data-full-url=\"https:\/\/direitoshumanos.pt\/wp-content\/uploads\/dia-internacional-direitos-humanos-2019-15-min.jpg\" data-link=\"https:\/\/direitoshumanos.pt\/2019\/12\/dia-internacional-dos-direitos-humanos-2019\/dia-internacional-direitos-humanos-2019-15-min\/\" class=\"wp-image-4612\"\/><\/a><\/figure><\/li><li class=\"blocks-gallery-item\"><figure><a href=\"https:\/\/direitoshumanos.pt\/wp-content\/uploads\/dia-internacional-direitos-humanos-2019-16-min.jpg\"><img loading=\"lazy\" decoding=\"async\" width=\"150\" height=\"150\" src=\"https:\/\/direitoshumanos.pt\/wp-content\/uploads\/\/dia-internacional-direitos-humanos-2019-16-min-150x150.jpg\" alt=\"\" data-id=\"4613\" data-full-url=\"https:\/\/direitoshumanos.pt\/wp-content\/uploads\/dia-internacional-direitos-humanos-2019-16-min.jpg\" data-link=\"https:\/\/direitoshumanos.pt\/2019\/12\/dia-internacional-dos-direitos-humanos-2019\/dia-internacional-direitos-humanos-2019-16-min\/\" class=\"wp-image-4614\"\/><\/a><\/figure><\/li><li class=\"blocks-gallery-item\"><figure><a href=\"https:\/\/direitoshumanos.pt\/wp-content\/uploads\/dia-internacional-direitos-humanos-2019-17-min.jpg\"><img loading=\"lazy\" decoding=\"async\" width=\"150\" height=\"150\" src=\"https:\/\/direitoshumanos.pt\/wp-content\/uploads\/\/dia-internacional-direitos-humanos-2019-17-min-150x150.jpg\" alt=\"\" data-id=\"4615\" data-full-url=\"https:\/\/direitoshumanos.pt\/wp-content\/uploads\/dia-internacional-direitos-humanos-2019-17-min.jpg\" data-link=\"https:\/\/direitoshumanos.pt\/2019\/12\/dia-internacional-dos-direitos-humanos-2019\/dia-internacional-direitos-humanos-2019-17-min\/\" class=\"wp-image-4616\"\/><\/a><\/figure><\/li><li class=\"blocks-gallery-item\"><figure><a href=\"https:\/\/direitoshumanos.pt\/wp-content\/uploads\/dia-internacional-direitos-humanos-2019-18-min.jpg\"><img loading=\"lazy\" decoding=\"async\" width=\"150\" height=\"150\" src=\"https:\/\/direitoshumanos.pt\/wp-content\/uploads\/\/dia-internacional-direitos-humanos-2019-18-min-150x150.jpg\" alt=\"\" data-id=\"4617\" data-full-url=\"https:\/\/direitoshumanos.pt\/wp-content\/uploads\/dia-internacional-direitos-humanos-2019-18-min.jpg\" data-link=\"https:\/\/direitoshumanos.pt\/2019\/12\/dia-internacional-dos-direitos-humanos-2019\/dia-internacional-direitos-humanos-2019-18-min\/\" class=\"wp-image-4618\"\/><\/a><\/figure><\/li><li class=\"blocks-gallery-item\"><figure><a href=\"https:\/\/direitoshumanos.pt\/wp-content\/uploads\/dia-internacional-direitos-humanos-2019-19-min.jpg\"><img loading=\"lazy\" decoding=\"async\" width=\"150\" height=\"150\" src=\"https:\/\/direitoshumanos.pt\/wp-content\/uploads\/\/dia-internacional-direitos-humanos-2019-19-min-150x150.jpg\" alt=\"\" data-id=\"4620\" data-full-url=\"https:\/\/direitoshumanos.pt\/wp-content\/uploads\/dia-internacional-direitos-humanos-2019-19-min.jpg\" data-link=\"https:\/\/direitoshumanos.pt\/2019\/12\/dia-internacional-dos-direitos-humanos-2019\/dia-internacional-direitos-humanos-2019-19-min\/\" class=\"wp-image-4621\"\/><\/a><\/figure><\/li><li class=\"blocks-gallery-item\"><figure><a href=\"https:\/\/direitoshumanos.pt\/wp-content\/uploads\/dia-internacional-direitos-humanos-2019-20-min.jpg\"><img loading=\"lazy\" decoding=\"async\" width=\"150\" height=\"150\" src=\"https:\/\/direitoshumanos.pt\/wp-content\/uploads\/\/dia-internacional-direitos-humanos-2019-20-min-150x150.jpg\" alt=\"\" data-id=\"4622\" data-full-url=\"https:\/\/direitoshumanos.pt\/wp-content\/uploads\/dia-internacional-direitos-humanos-2019-20-min.jpg\" data-link=\"https:\/\/direitoshumanos.pt\/2019\/12\/dia-internacional-dos-direitos-humanos-2019\/dia-internacional-direitos-humanos-2019-20-min\/\" class=\"wp-image-4623\"\/><\/a><\/figure><\/li><li class=\"blocks-gallery-item\"><figure><a href=\"https:\/\/direitoshumanos.pt\/wp-content\/uploads\/dia-internacional-direitos-humanos-2019-21-min.jpg\"><img loading=\"lazy\" decoding=\"async\" width=\"150\" height=\"150\" src=\"https:\/\/direitoshumanos.pt\/wp-content\/uploads\/\/dia-internacional-direitos-humanos-2019-21-min-150x150.jpg\" alt=\"\" data-id=\"4624\" data-full-url=\"https:\/\/direitoshumanos.pt\/wp-content\/uploads\/dia-internacional-direitos-humanos-2019-21-min.jpg\" data-link=\"https:\/\/direitoshumanos.pt\/2019\/12\/dia-internacional-dos-direitos-humanos-2019\/dia-internacional-direitos-humanos-2019-21-min\/\" class=\"wp-image-4625\"\/><\/a><\/figure><\/li><li class=\"blocks-gallery-item\"><figure><a href=\"https:\/\/direitoshumanos.pt\/wp-content\/uploads\/dia-internacional-direitos-humanos-2019-22-min.jpg\"><img loading=\"lazy\" decoding=\"async\" width=\"150\" height=\"150\" src=\"https:\/\/direitoshumanos.pt\/wp-content\/uploads\/\/dia-internacional-direitos-humanos-2019-22-min-150x150.jpg\" alt=\"\" data-id=\"4626\" data-full-url=\"https:\/\/direitoshumanos.pt\/wp-content\/uploads\/dia-internacional-direitos-humanos-2019-22-min.jpg\" data-link=\"https:\/\/direitoshumanos.pt\/2019\/12\/dia-internacional-dos-direitos-humanos-2019\/dia-internacional-direitos-humanos-2019-22-min\/\" class=\"wp-image-4627\"\/><\/a><\/figure><\/li><li class=\"blocks-gallery-item\"><figure><a href=\"https:\/\/direitoshumanos.pt\/wp-content\/uploads\/dia-internacional-direitos-humanos-2019-23-min.jpg\"><img loading=\"lazy\" decoding=\"async\" width=\"150\" height=\"150\" src=\"https:\/\/direitoshumanos.pt\/wp-content\/uploads\/\/dia-internacional-direitos-humanos-2019-23-min-150x150.jpg\" alt=\"\" data-id=\"4628\" data-full-url=\"https:\/\/direitoshumanos.pt\/wp-content\/uploads\/dia-internacional-direitos-humanos-2019-23-min.jpg\" data-link=\"https:\/\/direitoshumanos.pt\/2019\/12\/dia-internacional-dos-direitos-humanos-2019\/dia-internacional-direitos-humanos-2019-23-min\/\" class=\"wp-image-4629\"\/><\/a><\/figure><\/li><li class=\"blocks-gallery-item\"><figure><a href=\"https:\/\/direitoshumanos.pt\/wp-content\/uploads\/dia-internacional-direitos-humanos-2019-24-min.jpg\"><img loading=\"lazy\" decoding=\"async\" width=\"150\" height=\"150\" src=\"https:\/\/direitoshumanos.pt\/wp-content\/uploads\/\/dia-internacional-direitos-humanos-2019-24-min-150x150.jpg\" alt=\"\" data-id=\"4630\" data-full-url=\"https:\/\/direitoshumanos.pt\/wp-content\/uploads\/dia-internacional-direitos-humanos-2019-24-min.jpg\" data-link=\"https:\/\/direitoshumanos.pt\/2019\/12\/dia-internacional-dos-direitos-humanos-2019\/dia-internacional-direitos-humanos-2019-24-min\/\" class=\"wp-image-4631\"\/><\/a><\/figure><\/li><li class=\"blocks-gallery-item\"><figure><a href=\"https:\/\/direitoshumanos.pt\/wp-content\/uploads\/dia-internacional-direitos-humanos-2019-25-min.jpg\"><img loading=\"lazy\" decoding=\"async\" width=\"150\" height=\"150\" src=\"https:\/\/direitoshumanos.pt\/wp-content\/uploads\/\/dia-internacional-direitos-humanos-2019-25-min-150x150.jpg\" alt=\"\" data-id=\"4632\" data-full-url=\"https:\/\/direitoshumanos.pt\/wp-content\/uploads\/dia-internacional-direitos-humanos-2019-25-min.jpg\" data-link=\"https:\/\/direitoshumanos.pt\/2019\/12\/dia-internacional-dos-direitos-humanos-2019\/dia-internacional-direitos-humanos-2019-25-min\/\" class=\"wp-image-4633\"\/><\/a><\/figure><\/li><li class=\"blocks-gallery-item\"><figure><a href=\"https:\/\/direitoshumanos.pt\/wp-content\/uploads\/dia-internacional-direitos-humanos-2019-26-min.jpg\"><img loading=\"lazy\" decoding=\"async\" width=\"150\" height=\"150\" src=\"https:\/\/direitoshumanos.pt\/wp-content\/uploads\/\/dia-internacional-direitos-humanos-2019-26-min-150x150.jpg\" alt=\"\" data-id=\"4634\" data-full-url=\"https:\/\/direitoshumanos.pt\/wp-content\/uploads\/dia-internacional-direitos-humanos-2019-26-min.jpg\" data-link=\"https:\/\/direitoshumanos.pt\/2019\/12\/dia-internacional-dos-direitos-humanos-2019\/dia-internacional-direitos-humanos-2019-26-min\/\" class=\"wp-image-4635\"\/><\/a><\/figure><\/li><li class=\"blocks-gallery-item\"><figure><a href=\"https:\/\/direitoshumanos.pt\/wp-content\/uploads\/dia-internacional-direitos-humanos-2019-27-min.jpg\"><img loading=\"lazy\" decoding=\"async\" width=\"150\" height=\"150\" src=\"https:\/\/direitoshumanos.pt\/wp-content\/uploads\/\/dia-internacional-direitos-humanos-2019-27-min-150x150.jpg\" alt=\"\" data-id=\"4636\" data-full-url=\"https:\/\/direitoshumanos.pt\/wp-content\/uploads\/dia-internacional-direitos-humanos-2019-27-min.jpg\" data-link=\"https:\/\/direitoshumanos.pt\/2019\/12\/dia-internacional-dos-direitos-humanos-2019\/dia-internacional-direitos-humanos-2019-27-min\/\" class=\"wp-image-4637\"\/><\/a><\/figure><\/li><li class=\"blocks-gallery-item\"><figure><a href=\"https:\/\/direitoshumanos.pt\/wp-content\/uploads\/dia-internacional-direitos-humanos-2019-28-min.jpg\"><img loading=\"lazy\" decoding=\"async\" width=\"150\" height=\"150\" src=\"https:\/\/direitoshumanos.pt\/wp-content\/uploads\/\/dia-internacional-direitos-humanos-2019-28-min-150x150.jpg\" alt=\"\" data-id=\"4638\" data-full-url=\"https:\/\/direitoshumanos.pt\/wp-content\/uploads\/dia-internacional-direitos-humanos-2019-28-min.jpg\" data-link=\"https:\/\/direitoshumanos.pt\/2019\/12\/dia-internacional-dos-direitos-humanos-2019\/dia-internacional-direitos-humanos-2019-28-min\/\" class=\"wp-image-4639\"\/><\/a><\/figure><\/li><li class=\"blocks-gallery-item\"><figure><a href=\"https:\/\/direitoshumanos.pt\/wp-content\/uploads\/dia-internacional-direitos-humanos-2019-29-min.jpg\"><img loading=\"lazy\" decoding=\"async\" width=\"150\" height=\"150\" src=\"https:\/\/direitoshumanos.pt\/wp-content\/uploads\/\/dia-internacional-direitos-humanos-2019-29-min-150x150.jpg\" alt=\"\" data-id=\"4640\" data-full-url=\"https:\/\/direitoshumanos.pt\/wp-content\/uploads\/dia-internacional-direitos-humanos-2019-29-min.jpg\" data-link=\"https:\/\/direitoshumanos.pt\/2019\/12\/dia-internacional-dos-direitos-humanos-2019\/dia-internacional-direitos-humanos-2019-29-min\/\" class=\"wp-image-4641\"\/><\/a><\/figure><\/li><li class=\"blocks-gallery-item\"><figure><a href=\"https:\/\/direitoshumanos.pt\/wp-content\/uploads\/dia-internacional-direitos-humanos-2019-30-min.jpg\"><img loading=\"lazy\" decoding=\"async\" width=\"150\" height=\"150\" src=\"https:\/\/direitoshumanos.pt\/wp-content\/uploads\/\/dia-internacional-direitos-humanos-2019-30-min-150x150.jpg\" alt=\"\" data-id=\"4642\" data-full-url=\"https:\/\/direitoshumanos.pt\/wp-content\/uploads\/dia-internacional-direitos-humanos-2019-30-min.jpg\" data-link=\"https:\/\/direitoshumanos.pt\/2019\/12\/dia-internacional-dos-direitos-humanos-2019\/dia-internacional-direitos-humanos-2019-30-min\/\" class=\"wp-image-4643\"\/><\/a><\/figure><\/li><li class=\"blocks-gallery-item\"><figure><a href=\"https:\/\/direitoshumanos.pt\/wp-content\/uploads\/dia-internacional-direitos-humanos-2019-31-min.jpg\"><img loading=\"lazy\" decoding=\"async\" width=\"150\" height=\"150\" src=\"https:\/\/direitoshumanos.pt\/wp-content\/uploads\/\/dia-internacional-direitos-humanos-2019-31-min-150x150.jpg\" alt=\"\" data-id=\"4644\" data-full-url=\"https:\/\/direitoshumanos.pt\/wp-content\/uploads\/dia-internacional-direitos-humanos-2019-31-min.jpg\" data-link=\"https:\/\/direitoshumanos.pt\/2019\/12\/dia-internacional-dos-direitos-humanos-2019\/dia-internacional-direitos-humanos-2019-31-min\/\" class=\"wp-image-4645\"\/><\/a><\/figure><\/li><li class=\"blocks-gallery-item\"><figure><a href=\"https:\/\/direitoshumanos.pt\/wp-content\/uploads\/dia-internacional-direitos-humanos-2019-32-min.jpg\"><img loading=\"lazy\" decoding=\"async\" width=\"150\" height=\"150\" src=\"https:\/\/direitoshumanos.pt\/wp-content\/uploads\/\/dia-internacional-direitos-humanos-2019-32-min-150x150.jpg\" alt=\"\" data-id=\"4646\" data-full-url=\"https:\/\/direitoshumanos.pt\/wp-content\/uploads\/dia-internacional-direitos-humanos-2019-32-min.jpg\" data-link=\"https:\/\/direitoshumanos.pt\/2019\/12\/dia-internacional-dos-direitos-humanos-2019\/dia-internacional-direitos-humanos-2019-32-min\/\" class=\"wp-image-4647\"\/><\/a><\/figure><\/li><li class=\"blocks-gallery-item\"><figure><a href=\"https:\/\/direitoshumanos.pt\/wp-content\/uploads\/dia-internacional-direitos-humanos-2019-33-min.jpg\"><img loading=\"lazy\" decoding=\"async\" width=\"150\" height=\"150\" src=\"https:\/\/direitoshumanos.pt\/wp-content\/uploads\/\/dia-internacional-direitos-humanos-2019-33-min-150x150.jpg\" alt=\"\" data-id=\"4648\" data-full-url=\"https:\/\/direitoshumanos.pt\/wp-content\/uploads\/dia-internacional-direitos-humanos-2019-33-min.jpg\" data-link=\"https:\/\/direitoshumanos.pt\/2019\/12\/dia-internacional-dos-direitos-humanos-2019\/dia-internacional-direitos-humanos-2019-33-min\/\" class=\"wp-image-4649\"\/><\/a><\/figure><\/li><li class=\"blocks-gallery-item\"><figure><a href=\"https:\/\/direitoshumanos.pt\/wp-content\/uploads\/dia-internacional-direitos-humanos-2019-34-min.jpg\"><img loading=\"lazy\" decoding=\"async\" width=\"150\" height=\"150\" src=\"https:\/\/direitoshumanos.pt\/wp-content\/uploads\/\/dia-internacional-direitos-humanos-2019-34-min-150x150.jpg\" alt=\"\" data-id=\"4650\" data-full-url=\"https:\/\/direitoshumanos.pt\/wp-content\/uploads\/dia-internacional-direitos-humanos-2019-34-min.jpg\" data-link=\"https:\/\/direitoshumanos.pt\/2019\/12\/dia-internacional-dos-direitos-humanos-2019\/dia-internacional-direitos-humanos-2019-34-min\/\" class=\"wp-image-4651\"\/><\/a><\/figure><\/li><li class=\"blocks-gallery-item\"><figure><a href=\"https:\/\/direitoshumanos.pt\/wp-content\/uploads\/dia-internacional-direitos-humanos-2019-35-min.jpg\"><img loading=\"lazy\" decoding=\"async\" width=\"150\" height=\"150\" src=\"https:\/\/direitoshumanos.pt\/wp-content\/uploads\/\/dia-internacional-direitos-humanos-2019-35-min-150x150.jpg\" alt=\"\" data-id=\"4652\" data-full-url=\"https:\/\/direitoshumanos.pt\/wp-content\/uploads\/dia-internacional-direitos-humanos-2019-35-min.jpg\" data-link=\"https:\/\/direitoshumanos.pt\/2019\/12\/dia-internacional-dos-direitos-humanos-2019\/dia-internacional-direitos-humanos-2019-35-min\/\" class=\"wp-image-4653\"\/><\/a><\/figure><\/li><li class=\"blocks-gallery-item\"><figure><a href=\"https:\/\/direitoshumanos.pt\/wp-content\/uploads\/dia-internacional-direitos-humanos-2019-36-min.jpg\"><img loading=\"lazy\" decoding=\"async\" width=\"150\" height=\"150\" src=\"https:\/\/direitoshumanos.pt\/wp-content\/uploads\/\/dia-internacional-direitos-humanos-2019-36-min-150x150.jpg\" alt=\"\" data-id=\"4654\" data-full-url=\"https:\/\/direitoshumanos.pt\/wp-content\/uploads\/dia-internacional-direitos-humanos-2019-36-min.jpg\" data-link=\"https:\/\/direitoshumanos.pt\/2019\/12\/dia-internacional-dos-direitos-humanos-2019\/dia-internacional-direitos-humanos-2019-36-min\/\" class=\"wp-image-4655\"\/><\/a><\/figure><\/li><li class=\"blocks-gallery-item\"><figure><a href=\"https:\/\/direitoshumanos.pt\/wp-content\/uploads\/dia-internacional-direitos-humanos-2019-37-min.jpg\"><img loading=\"lazy\" decoding=\"async\" width=\"150\" height=\"150\" src=\"https:\/\/direitoshumanos.pt\/wp-content\/uploads\/\/dia-internacional-direitos-humanos-2019-37-min-150x150.jpg\" alt=\"\" data-id=\"4656\" data-full-url=\"https:\/\/direitoshumanos.pt\/wp-content\/uploads\/dia-internacional-direitos-humanos-2019-37-min.jpg\" data-link=\"https:\/\/direitoshumanos.pt\/2019\/12\/dia-internacional-dos-direitos-humanos-2019\/dia-internacional-direitos-humanos-2019-37-min\/\" class=\"wp-image-4657\"\/><\/a><\/figure><\/li><li class=\"blocks-gallery-item\"><figure><a href=\"https:\/\/direitoshumanos.pt\/wp-content\/uploads\/dia-internacional-direitos-humanos-2019-38-min.jpg\"><img loading=\"lazy\" decoding=\"async\" width=\"150\" height=\"150\" src=\"https:\/\/direitoshumanos.pt\/wp-content\/uploads\/\/dia-internacional-direitos-humanos-2019-38-min-150x150.jpg\" alt=\"\" data-id=\"4658\" data-full-url=\"https:\/\/direitoshumanos.pt\/wp-content\/uploads\/dia-internacional-direitos-humanos-2019-38-min.jpg\" data-link=\"https:\/\/direitoshumanos.pt\/2019\/12\/dia-internacional-dos-direitos-humanos-2019\/dia-internacional-direitos-humanos-2019-38-min\/\" class=\"wp-image-4659\"\/><\/a><\/figure><\/li><li class=\"blocks-gallery-item\"><figure><a href=\"https:\/\/direitoshumanos.pt\/wp-content\/uploads\/dia-internacional-direitos-humanos-2019-39-min.jpg\"><img loading=\"lazy\" decoding=\"async\" width=\"150\" height=\"150\" src=\"https:\/\/direitoshumanos.pt\/wp-content\/uploads\/\/dia-internacional-direitos-humanos-2019-39-min-150x150.jpg\" alt=\"\" data-id=\"4660\" data-full-url=\"https:\/\/direitoshumanos.pt\/wp-content\/uploads\/dia-internacional-direitos-humanos-2019-39-min.jpg\" data-link=\"https:\/\/direitoshumanos.pt\/2019\/12\/dia-internacional-dos-direitos-humanos-2019\/dia-internacional-direitos-humanos-2019-39-min\/\" class=\"wp-image-4661\"\/><\/a><\/figure><\/li><li class=\"blocks-gallery-item\"><figure><a href=\"https:\/\/direitoshumanos.pt\/wp-content\/uploads\/dia-internacional-direitos-humanos-2019-40-min.jpg\"><img loading=\"lazy\" decoding=\"async\" width=\"150\" height=\"150\" src=\"https:\/\/direitoshumanos.pt\/wp-content\/uploads\/\/dia-internacional-direitos-humanos-2019-40-min-150x150.jpg\" alt=\"\" data-id=\"4662\" data-full-url=\"https:\/\/direitoshumanos.pt\/wp-content\/uploads\/dia-internacional-direitos-humanos-2019-40-min.jpg\" data-link=\"https:\/\/direitoshumanos.pt\/2019\/12\/dia-internacional-dos-direitos-humanos-2019\/dia-internacional-direitos-humanos-2019-40-min\/\" class=\"wp-image-4663\"\/><\/a><\/figure><\/li><li class=\"blocks-gallery-item\"><figure><a href=\"https:\/\/direitoshumanos.pt\/wp-content\/uploads\/dia-internacional-direitos-humanos-2019-41-min.jpg\"><img loading=\"lazy\" decoding=\"async\" width=\"150\" height=\"150\" src=\"https:\/\/direitoshumanos.pt\/wp-content\/uploads\/\/dia-internacional-direitos-humanos-2019-41-min-150x150.jpg\" alt=\"\" data-id=\"4664\" data-full-url=\"https:\/\/direitoshumanos.pt\/wp-content\/uploads\/dia-internacional-direitos-humanos-2019-41-min.jpg\" data-link=\"https:\/\/direitoshumanos.pt\/2019\/12\/dia-internacional-dos-direitos-humanos-2019\/dia-internacional-direitos-humanos-2019-41-min\/\" class=\"wp-image-4665\"\/><\/a><\/figure><\/li><li class=\"blocks-gallery-item\"><figure><a href=\"https:\/\/direitoshumanos.pt\/wp-content\/uploads\/dia-internacional-direitos-humanos-2019-42-min.jpg\"><img loading=\"lazy\" decoding=\"async\" width=\"150\" height=\"150\" src=\"https:\/\/direitoshumanos.pt\/wp-content\/uploads\/\/dia-internacional-direitos-humanos-2019-42-min-150x150.jpg\" alt=\"\" data-id=\"4666\" data-full-url=\"https:\/\/direitoshumanos.pt\/wp-content\/uploads\/dia-internacional-direitos-humanos-2019-42-min.jpg\" data-link=\"https:\/\/direitoshumanos.pt\/2019\/12\/dia-internacional-dos-direitos-humanos-2019\/dia-internacional-direitos-humanos-2019-42-min\/\" class=\"wp-image-4667\"\/><\/a><\/figure><\/li><li class=\"blocks-gallery-item\"><figure><a href=\"https:\/\/direitoshumanos.pt\/wp-content\/uploads\/dia-internacional-direitos-humanos-2019-43-min.jpg\"><img loading=\"lazy\" decoding=\"async\" width=\"150\" height=\"150\" src=\"https:\/\/direitoshumanos.pt\/wp-content\/uploads\/\/dia-internacional-direitos-humanos-2019-43-min-150x150.jpg\" alt=\"\" data-id=\"4668\" data-full-url=\"https:\/\/direitoshumanos.pt\/wp-content\/uploads\/dia-internacional-direitos-humanos-2019-43-min.jpg\" data-link=\"https:\/\/direitoshumanos.pt\/2019\/12\/dia-internacional-dos-direitos-humanos-2019\/dia-internacional-direitos-humanos-2019-43-min\/\" class=\"wp-image-4669\"\/><\/a><\/figure><\/li><li class=\"blocks-gallery-item\"><figure><a href=\"https:\/\/direitoshumanos.pt\/wp-content\/uploads\/dia-internacional-direitos-humanos-2019-44-min.jpg\"><img loading=\"lazy\" decoding=\"async\" width=\"150\" height=\"150\" src=\"https:\/\/direitoshumanos.pt\/wp-content\/uploads\/\/dia-internacional-direitos-humanos-2019-44-min-150x150.jpg\" alt=\"\" data-id=\"4670\" data-full-url=\"https:\/\/direitoshumanos.pt\/wp-content\/uploads\/dia-internacional-direitos-humanos-2019-44-min.jpg\" data-link=\"https:\/\/direitoshumanos.pt\/2019\/12\/dia-internacional-dos-direitos-humanos-2019\/dia-internacional-direitos-humanos-2019-44-min\/\" class=\"wp-image-4671\"\/><\/a><\/figure><\/li><li class=\"blocks-gallery-item\"><figure><a href=\"https:\/\/direitoshumanos.pt\/wp-content\/uploads\/dia-internacional-direitos-humanos-2019-45-min.jpg\"><img loading=\"lazy\" decoding=\"async\" width=\"150\" height=\"150\" src=\"https:\/\/direitoshumanos.pt\/wp-content\/uploads\/\/dia-internacional-direitos-humanos-2019-45-min-150x150.jpg\" alt=\"\" data-id=\"4672\" data-full-url=\"https:\/\/direitoshumanos.pt\/wp-content\/uploads\/dia-internacional-direitos-humanos-2019-45-min.jpg\" data-link=\"https:\/\/direitoshumanos.pt\/2019\/12\/dia-internacional-dos-direitos-humanos-2019\/dia-internacional-direitos-humanos-2019-45-min\/\" class=\"wp-image-4673\"\/><\/a><\/figure><\/li><li class=\"blocks-gallery-item\"><figure><a href=\"https:\/\/direitoshumanos.pt\/wp-content\/uploads\/dia-internacional-direitos-humanos-2019-46-min.jpg\"><img loading=\"lazy\" decoding=\"async\" width=\"150\" height=\"150\" src=\"https:\/\/direitoshumanos.pt\/wp-content\/uploads\/\/dia-internacional-direitos-humanos-2019-46-min-150x150.jpg\" alt=\"\" data-id=\"4674\" data-full-url=\"https:\/\/direitoshumanos.pt\/wp-content\/uploads\/dia-internacional-direitos-humanos-2019-46-min.jpg\" data-link=\"https:\/\/direitoshumanos.pt\/2019\/12\/dia-internacional-dos-direitos-humanos-2019\/dia-internacional-direitos-humanos-2019-46-min\/\" class=\"wp-image-4675\"\/><\/a><\/figure><\/li><li class=\"blocks-gallery-item\"><figure><a href=\"https:\/\/direitoshumanos.pt\/wp-content\/uploads\/dia-internacional-direitos-humanos-2019-47-min.jpg\"><img loading=\"lazy\" decoding=\"async\" width=\"150\" height=\"150\" src=\"https:\/\/direitoshumanos.pt\/wp-content\/uploads\/\/dia-internacional-direitos-humanos-2019-47-min-150x150.jpg\" alt=\"\" data-id=\"4676\" data-full-url=\"https:\/\/direitoshumanos.pt\/wp-content\/uploads\/dia-internacional-direitos-humanos-2019-47-min.jpg\" data-link=\"https:\/\/direitoshumanos.pt\/2019\/12\/dia-internacional-dos-direitos-humanos-2019\/dia-internacional-direitos-humanos-2019-47-min\/\" class=\"wp-image-4677\"\/><\/a><\/figure><\/li><li class=\"blocks-gallery-item\"><figure><a href=\"https:\/\/direitoshumanos.pt\/wp-content\/uploads\/dia-internacional-direitos-humanos-2019-48-min.jpg\"><img loading=\"lazy\" decoding=\"async\" width=\"150\" height=\"150\" src=\"https:\/\/direitoshumanos.pt\/wp-content\/uploads\/\/dia-internacional-direitos-humanos-2019-48-min-150x150.jpg\" alt=\"\" data-id=\"4678\" data-full-url=\"https:\/\/direitoshumanos.pt\/wp-content\/uploads\/dia-internacional-direitos-humanos-2019-48-min.jpg\" data-link=\"https:\/\/direitoshumanos.pt\/2019\/12\/dia-internacional-dos-direitos-humanos-2019\/dia-internacional-direitos-humanos-2019-48-min\/\" class=\"wp-image-4679\"\/><\/a><\/figure><\/li><li class=\"blocks-gallery-item\"><figure><a href=\"https:\/\/direitoshumanos.pt\/wp-content\/uploads\/dia-internacional-direitos-humanos-2019-49-min.jpg\"><img loading=\"lazy\" decoding=\"async\" width=\"150\" height=\"150\" src=\"https:\/\/direitoshumanos.pt\/wp-content\/uploads\/\/dia-internacional-direitos-humanos-2019-49-min-150x150.jpg\" alt=\"\" data-id=\"4680\" data-full-url=\"https:\/\/direitoshumanos.pt\/wp-content\/uploads\/dia-internacional-direitos-humanos-2019-49-min.jpg\" data-link=\"https:\/\/direitoshumanos.pt\/2019\/12\/dia-internacional-dos-direitos-humanos-2019\/dia-internacional-direitos-humanos-2019-49-min\/\" class=\"wp-image-4681\"\/><\/a><\/figure><\/li><li class=\"blocks-gallery-item\"><figure><a href=\"https:\/\/direitoshumanos.pt\/wp-content\/uploads\/dia-internacional-direitos-humanos-2019-50-min.jpg\"><img loading=\"lazy\" decoding=\"async\" width=\"150\" height=\"150\" src=\"https:\/\/direitoshumanos.pt\/wp-content\/uploads\/\/dia-internacional-direitos-humanos-2019-50-min-150x150.jpg\" alt=\"\" data-id=\"4682\" data-full-url=\"https:\/\/direitoshumanos.pt\/wp-content\/uploads\/dia-internacional-direitos-humanos-2019-50-min.jpg\" data-link=\"https:\/\/direitoshumanos.pt\/2019\/12\/dia-internacional-dos-direitos-humanos-2019\/dia-internacional-direitos-humanos-2019-50-min\/\" class=\"wp-image-4683\"\/><\/a><\/figure><\/li><li class=\"blocks-gallery-item\"><figure><a href=\"https:\/\/direitoshumanos.pt\/wp-content\/uploads\/dia-internacional-direitos-humanos-2019-51-min.jpg\"><img loading=\"lazy\" decoding=\"async\" width=\"150\" height=\"150\" src=\"https:\/\/direitoshumanos.pt\/wp-content\/uploads\/\/dia-internacional-direitos-humanos-2019-51-min-150x150.jpg\" alt=\"\" data-id=\"4684\" data-full-url=\"https:\/\/direitoshumanos.pt\/wp-content\/uploads\/dia-internacional-direitos-humanos-2019-51-min.jpg\" data-link=\"https:\/\/direitoshumanos.pt\/2019\/12\/dia-internacional-dos-direitos-humanos-2019\/dia-internacional-direitos-humanos-2019-51-min\/\" class=\"wp-image-4685\"\/><\/a><\/figure><\/li><li class=\"blocks-gallery-item\"><figure><a href=\"https:\/\/direitoshumanos.pt\/wp-content\/uploads\/dia-internacional-direitos-humanos-2019-52-min.jpg\"><img loading=\"lazy\" decoding=\"async\" width=\"150\" height=\"150\" src=\"https:\/\/direitoshumanos.pt\/wp-content\/uploads\/\/dia-internacional-direitos-humanos-2019-52-min-150x150.jpg\" alt=\"\" data-id=\"4686\" data-full-url=\"https:\/\/direitoshumanos.pt\/wp-content\/uploads\/dia-internacional-direitos-humanos-2019-52-min.jpg\" data-link=\"https:\/\/direitoshumanos.pt\/2019\/12\/dia-internacional-dos-direitos-humanos-2019\/dia-internacional-direitos-humanos-2019-52-min\/\" class=\"wp-image-4687\"\/><\/a><\/figure><\/li><li class=\"blocks-gallery-item\"><figure><a href=\"https:\/\/direitoshumanos.pt\/wp-content\/uploads\/dia-internacional-direitos-humanos-2019-53-min.jpg\"><img loading=\"lazy\" decoding=\"async\" width=\"150\" height=\"150\" src=\"https:\/\/direitoshumanos.pt\/wp-content\/uploads\/\/dia-internacional-direitos-humanos-2019-53-min-150x150.jpg\" alt=\"\" data-id=\"4688\" data-full-url=\"https:\/\/direitoshumanos.pt\/wp-content\/uploads\/dia-internacional-direitos-humanos-2019-53-min.jpg\" data-link=\"https:\/\/direitoshumanos.pt\/2019\/12\/dia-internacional-dos-direitos-humanos-2019\/dia-internacional-direitos-humanos-2019-53-min\/\" class=\"wp-image-4689\"\/><\/a><\/figure><\/li><li class=\"blocks-gallery-item\"><figure><a href=\"https:\/\/direitoshumanos.pt\/wp-content\/uploads\/dia-internacional-direitos-humanos-2019-54-min.jpg\"><img loading=\"lazy\" decoding=\"async\" width=\"150\" height=\"150\" src=\"https:\/\/direitoshumanos.pt\/wp-content\/uploads\/\/dia-internacional-direitos-humanos-2019-54-min-150x150.jpg\" alt=\"\" data-id=\"4690\" data-full-url=\"https:\/\/direitoshumanos.pt\/wp-content\/uploads\/dia-internacional-direitos-humanos-2019-54-min.jpg\" data-link=\"https:\/\/direitoshumanos.pt\/2019\/12\/dia-internacional-dos-direitos-humanos-2019\/dia-internacional-direitos-humanos-2019-54-min\/\" class=\"wp-image-4691\"\/><\/a><\/figure><\/li><li class=\"blocks-gallery-item\"><figure><a href=\"https:\/\/direitoshumanos.pt\/wp-content\/uploads\/dia-internacional-direitos-humanos-2019-55-min.jpg\"><img loading=\"lazy\" decoding=\"async\" width=\"150\" height=\"150\" src=\"https:\/\/direitoshumanos.pt\/wp-content\/uploads\/\/dia-internacional-direitos-humanos-2019-55-min-150x150.jpg\" alt=\"\" data-id=\"4692\" data-full-url=\"https:\/\/direitoshumanos.pt\/wp-content\/uploads\/dia-internacional-direitos-humanos-2019-55-min.jpg\" data-link=\"https:\/\/direitoshumanos.pt\/2019\/12\/dia-internacional-dos-direitos-humanos-2019\/dia-internacional-direitos-humanos-2019-55-min\/\" class=\"wp-image-4693\"\/><\/a><\/figure><\/li><li class=\"blocks-gallery-item\"><figure><a href=\"https:\/\/direitoshumanos.pt\/wp-content\/uploads\/dia-internacional-direitos-humanos-2019-56-min.jpg\"><img loading=\"lazy\" decoding=\"async\" width=\"150\" height=\"150\" src=\"https:\/\/direitoshumanos.pt\/wp-content\/uploads\/\/dia-internacional-direitos-humanos-2019-56-min-150x150.jpg\" alt=\"\" data-id=\"4694\" data-full-url=\"https:\/\/direitoshumanos.pt\/wp-content\/uploads\/dia-internacional-direitos-humanos-2019-56-min.jpg\" data-link=\"https:\/\/direitoshumanos.pt\/2019\/12\/dia-internacional-dos-direitos-humanos-2019\/dia-internacional-direitos-humanos-2019-56-min\/\" class=\"wp-image-4695\"\/><\/a><\/figure><\/li><li class=\"blocks-gallery-item\"><figure><a href=\"https:\/\/direitoshumanos.pt\/wp-content\/uploads\/dia-internacional-direitos-humanos-2019-57-min.jpg\"><img loading=\"lazy\" decoding=\"async\" width=\"150\" height=\"150\" src=\"https:\/\/direitoshumanos.pt\/wp-content\/uploads\/\/dia-internacional-direitos-humanos-2019-57-min-150x150.jpg\" alt=\"\" data-id=\"4696\" data-full-url=\"https:\/\/direitoshumanos.pt\/wp-content\/uploads\/dia-internacional-direitos-humanos-2019-57-min.jpg\" data-link=\"https:\/\/direitoshumanos.pt\/2019\/12\/dia-internacional-dos-direitos-humanos-2019\/dia-internacional-direitos-humanos-2019-57-min\/\" class=\"wp-image-4697\"\/><\/a><\/figure><\/li><li class=\"blocks-gallery-item\"><figure><a href=\"https:\/\/direitoshumanos.pt\/wp-content\/uploads\/dia-internacional-direitos-humanos-2019-58-min.jpg\"><img loading=\"lazy\" decoding=\"async\" width=\"150\" height=\"150\" src=\"https:\/\/direitoshumanos.pt\/wp-content\/uploads\/\/dia-internacional-direitos-humanos-2019-58-min-150x150.jpg\" alt=\"\" data-id=\"4698\" data-full-url=\"https:\/\/direitoshumanos.pt\/wp-content\/uploads\/dia-internacional-direitos-humanos-2019-58-min.jpg\" data-link=\"https:\/\/direitoshumanos.pt\/2019\/12\/dia-internacional-dos-direitos-humanos-2019\/dia-internacional-direitos-humanos-2019-58-min\/\" class=\"wp-image-4699\"\/><\/a><\/figure><\/li><li class=\"blocks-gallery-item\"><figure><a href=\"https:\/\/direitoshumanos.pt\/wp-content\/uploads\/dia-internacional-direitos-humanos-2019-59-min.jpg\"><img loading=\"lazy\" decoding=\"async\" width=\"150\" height=\"150\" src=\"https:\/\/direitoshumanos.pt\/wp-content\/uploads\/\/dia-internacional-direitos-humanos-2019-59-min-150x150.jpg\" alt=\"\" data-id=\"4700\" data-full-url=\"https:\/\/direitoshumanos.pt\/wp-content\/uploads\/dia-internacional-direitos-humanos-2019-59-min.jpg\" data-link=\"https:\/\/direitoshumanos.pt\/2019\/12\/dia-internacional-dos-direitos-humanos-2019\/dia-internacional-direitos-humanos-2019-59-min\/\" class=\"wp-image-4701\"\/><\/a><\/figure><\/li><li class=\"blocks-gallery-item\"><figure><a href=\"https:\/\/direitoshumanos.pt\/wp-content\/uploads\/dia-internacional-direitos-humanos-2019-60-min.jpg\"><img loading=\"lazy\" decoding=\"async\" width=\"150\" height=\"150\" src=\"https:\/\/direitoshumanos.pt\/wp-content\/uploads\/\/dia-internacional-direitos-humanos-2019-60-min-150x150.jpg\" alt=\"\" data-id=\"4702\" data-full-url=\"https:\/\/direitoshumanos.pt\/wp-content\/uploads\/dia-internacional-direitos-humanos-2019-60-min.jpg\" data-link=\"https:\/\/direitoshumanos.pt\/2019\/12\/dia-internacional-dos-direitos-humanos-2019\/dia-internacional-direitos-humanos-2019-60-min\/\" class=\"wp-image-4703\"\/><\/a><\/figure><\/li><\/ul><\/figure>\n","protected":false},"excerpt":{"rendered":"<p>On the 10th of December, 2019, at Museu do Oriente, Lisbon, the Portuguese Human Rights League \u2013 Civitas hold a celebratory ceremony Anniversary of the Universal Declaration of Human Rights.<\/p>\n","protected":false},"author":2,"featured_media":4581,"comment_status":"open","ping_status":"open","sticky":false,"template":"","format":"standard","meta":{"footnotes":""},"categories":[57,58],"tags":[],"class_list":["post-5531","post","type-post","status-publish","format-standard","has-post-thumbnail","hentry","category-events","category-international-human-rights-day","category-57","category-58","description-off"],"yoast_head":"<!-- This site is optimized with the Yoast SEO plugin v27.5 - https:\/\/yoast.com\/product\/yoast-seo-wordpress\/ -->\n<title>Human Rights Day\u2013 2019 - Liga Portuguesa dos Direitos Humanos - Civitas<\/title>\n<meta name=\"robots\" content=\"index, follow, max-snippet:-1, max-image-preview:large, max-video-preview:-1\" \/>\n<link rel=\"canonical\" href=\"https:\/\/direitoshumanos.pt\/en\/2022\/02\/human-rights-day-2019\/\" \/>\n<meta property=\"og:locale\" content=\"en_US\" \/>\n<meta property=\"og:type\" content=\"article\" \/>\n<meta property=\"og:title\" content=\"Human Rights Day\u2013 2019 - Liga Portuguesa dos Direitos Humanos - Civitas\" \/>\n<meta property=\"og:description\" content=\"On the 10th of December, 2019, at Museu do Oriente, Lisbon, the Portuguese Human Rights League \u2013 Civitas hold a celebratory ceremony Anniversary of the Universal Declaration of Human Rights.\" \/>\n<meta property=\"og:url\" content=\"https:\/\/direitoshumanos.pt\/en\/2022\/02\/human-rights-day-2019\/\" \/>\n<meta property=\"og:site_name\" content=\"Liga Portuguesa dos Direitos Humanos - Civitas\" \/>\n<meta property=\"article:publisher\" content=\"https:\/\/www.facebook.com\/LPDHC\" \/>\n<meta property=\"article:published_time\" content=\"2022-02-22T16:44:44+00:00\" \/>\n<meta property=\"article:modified_time\" content=\"2022-02-22T16:44:47+00:00\" \/>\n<meta property=\"og:image\" content=\"https:\/\/direitoshumanos.pt\/wp-content\/uploads\/dia-internacional-direitos-humanos-2019-thumb.jpg\" \/>\n\t<meta property=\"og:image:width\" content=\"1900\" \/>\n\t<meta property=\"og:image:height\" content=\"400\" \/>\n\t<meta property=\"og:image:type\" content=\"image\/jpeg\" \/>\n<meta name=\"author\" content=\"LPDH-C\" \/>\n<meta name=\"twitter:card\" content=\"summary_large_image\" \/>\n<meta name=\"twitter:label1\" content=\"Written by\" \/>\n\t<meta name=\"twitter:data1\" content=\"LPDH-C\" \/>\n\t<meta name=\"twitter:label2\" content=\"Est. reading time\" \/>\n\t<meta name=\"twitter:data2\" content=\"2 minutes\" \/>\n<script type=\"application\/ld+json\" class=\"yoast-schema-graph\">{\"@context\":\"https:\\\/\\\/schema.org\",\"@graph\":[{\"@type\":\"Article\",\"@id\":\"https:\\\/\\\/direitoshumanos.pt\\\/en\\\/2022\\\/02\\\/human-rights-day-2019\\\/#article\",\"isPartOf\":{\"@id\":\"https:\\\/\\\/direitoshumanos.pt\\\/en\\\/2022\\\/02\\\/human-rights-day-2019\\\/\"},\"author\":{\"name\":\"LPDH-C\",\"@id\":\"https:\\\/\\\/direitoshumanos.pt\\\/#\\\/schema\\\/person\\\/4d7d0cb377178b9b8172d84f90d844c9\"},\"headline\":\"Human Rights Day\u2013 2019\",\"datePublished\":\"2022-02-22T16:44:44+00:00\",\"dateModified\":\"2022-02-22T16:44:47+00:00\",\"mainEntityOfPage\":{\"@id\":\"https:\\\/\\\/direitoshumanos.pt\\\/en\\\/2022\\\/02\\\/human-rights-day-2019\\\/\"},\"wordCount\":443,\"commentCount\":0,\"publisher\":{\"@id\":\"https:\\\/\\\/direitoshumanos.pt\\\/#organization\"},\"image\":{\"@id\":\"https:\\\/\\\/direitoshumanos.pt\\\/en\\\/2022\\\/02\\\/human-rights-day-2019\\\/#primaryimage\"},\"thumbnailUrl\":\"https:\\\/\\\/direitoshumanos.pt\\\/wp-content\\\/uploads\\\/dia-internacional-direitos-humanos-2019-thumb.jpg\",\"articleSection\":[\"Events\",\"International Human Rights Day\"],\"inLanguage\":\"en-US\",\"potentialAction\":[{\"@type\":\"CommentAction\",\"name\":\"Comment\",\"target\":[\"https:\\\/\\\/direitoshumanos.pt\\\/en\\\/2022\\\/02\\\/human-rights-day-2019\\\/#respond\"]}]},{\"@type\":\"WebPage\",\"@id\":\"https:\\\/\\\/direitoshumanos.pt\\\/en\\\/2022\\\/02\\\/human-rights-day-2019\\\/\",\"url\":\"https:\\\/\\\/direitoshumanos.pt\\\/en\\\/2022\\\/02\\\/human-rights-day-2019\\\/\",\"name\":\"Human Rights Day\u2013 2019 - Liga Portuguesa dos Direitos Humanos - Civitas\",\"isPartOf\":{\"@id\":\"https:\\\/\\\/direitoshumanos.pt\\\/#website\"},\"primaryImageOfPage\":{\"@id\":\"https:\\\/\\\/direitoshumanos.pt\\\/en\\\/2022\\\/02\\\/human-rights-day-2019\\\/#primaryimage\"},\"image\":{\"@id\":\"https:\\\/\\\/direitoshumanos.pt\\\/en\\\/2022\\\/02\\\/human-rights-day-2019\\\/#primaryimage\"},\"thumbnailUrl\":\"https:\\\/\\\/direitoshumanos.pt\\\/wp-content\\\/uploads\\\/dia-internacional-direitos-humanos-2019-thumb.jpg\",\"datePublished\":\"2022-02-22T16:44:44+00:00\",\"dateModified\":\"2022-02-22T16:44:47+00:00\",\"breadcrumb\":{\"@id\":\"https:\\\/\\\/direitoshumanos.pt\\\/en\\\/2022\\\/02\\\/human-rights-day-2019\\\/#breadcrumb\"},\"inLanguage\":\"en-US\",\"potentialAction\":[{\"@type\":\"ReadAction\",\"target\":[\"https:\\\/\\\/direitoshumanos.pt\\\/en\\\/2022\\\/02\\\/human-rights-day-2019\\\/\"]}]},{\"@type\":\"ImageObject\",\"inLanguage\":\"en-US\",\"@id\":\"https:\\\/\\\/direitoshumanos.pt\\\/en\\\/2022\\\/02\\\/human-rights-day-2019\\\/#primaryimage\",\"url\":\"https:\\\/\\\/direitoshumanos.pt\\\/wp-content\\\/uploads\\\/dia-internacional-direitos-humanos-2019-thumb.jpg\",\"contentUrl\":\"https:\\\/\\\/direitoshumanos.pt\\\/wp-content\\\/uploads\\\/dia-internacional-direitos-humanos-2019-thumb.jpg\",\"width\":1900,\"height\":400,\"caption\":\"About International Human Rights Day 2019\"},{\"@type\":\"BreadcrumbList\",\"@id\":\"https:\\\/\\\/direitoshumanos.pt\\\/en\\\/2022\\\/02\\\/human-rights-day-2019\\\/#breadcrumb\",\"itemListElement\":[{\"@type\":\"ListItem\",\"position\":1,\"name\":\"In\u00edcio\",\"item\":\"https:\\\/\\\/direitoshumanos.pt\\\/\"},{\"@type\":\"ListItem\",\"position\":2,\"name\":\"Human Rights Day\u2013 2019\"}]},{\"@type\":\"WebSite\",\"@id\":\"https:\\\/\\\/direitoshumanos.pt\\\/#website\",\"url\":\"https:\\\/\\\/direitoshumanos.pt\\\/\",\"name\":\"Liga Portuguesa dos Direitos Humanos - Civitas\",\"description\":\"\",\"publisher\":{\"@id\":\"https:\\\/\\\/direitoshumanos.pt\\\/#organization\"},\"potentialAction\":[{\"@type\":\"SearchAction\",\"target\":{\"@type\":\"EntryPoint\",\"urlTemplate\":\"https:\\\/\\\/direitoshumanos.pt\\\/?s={search_term_string}\"},\"query-input\":{\"@type\":\"PropertyValueSpecification\",\"valueRequired\":true,\"valueName\":\"search_term_string\"}}],\"inLanguage\":\"en-US\"},{\"@type\":\"Organization\",\"@id\":\"https:\\\/\\\/direitoshumanos.pt\\\/#organization\",\"name\":\"Liga Portuguesa dos Direitos Humanos - Civitas\",\"url\":\"https:\\\/\\\/direitoshumanos.pt\\\/\",\"logo\":{\"@type\":\"ImageObject\",\"inLanguage\":\"en-US\",\"@id\":\"https:\\\/\\\/direitoshumanos.pt\\\/#\\\/schema\\\/logo\\\/image\\\/\",\"url\":\"https:\\\/\\\/direitoshumanos.pt\\\/wp-content\\\/uploads\\\/lpdhc-main-logo-hd.png\",\"contentUrl\":\"https:\\\/\\\/direitoshumanos.pt\\\/wp-content\\\/uploads\\\/lpdhc-main-logo-hd.png\",\"width\":400,\"height\":129,\"caption\":\"Liga Portuguesa dos Direitos Humanos - Civitas\"},\"image\":{\"@id\":\"https:\\\/\\\/direitoshumanos.pt\\\/#\\\/schema\\\/logo\\\/image\\\/\"},\"sameAs\":[\"https:\\\/\\\/www.facebook.com\\\/LPDHC\",\"https:\\\/\\\/www.youtube.com\\\/channel\\\/UCskfZn1XOSmXr4eQdFStYPg\",\"https:\\\/\\\/pt.wikipedia.org\\\/wiki\\\/Liga_Portuguesa_dos_Direitos_do_Homem\"]},{\"@type\":\"Person\",\"@id\":\"https:\\\/\\\/direitoshumanos.pt\\\/#\\\/schema\\\/person\\\/4d7d0cb377178b9b8172d84f90d844c9\",\"name\":\"LPDH-C\",\"image\":{\"@type\":\"ImageObject\",\"inLanguage\":\"en-US\",\"@id\":\"https:\\\/\\\/secure.gravatar.com\\\/avatar\\\/bc8ac4f0ec7c82ad618a278ba7c8d137368e1e69b8f3901c71128cfcd4a1e866?s=96&d=mm&r=g\",\"url\":\"https:\\\/\\\/secure.gravatar.com\\\/avatar\\\/bc8ac4f0ec7c82ad618a278ba7c8d137368e1e69b8f3901c71128cfcd4a1e866?s=96&d=mm&r=g\",\"contentUrl\":\"https:\\\/\\\/secure.gravatar.com\\\/avatar\\\/bc8ac4f0ec7c82ad618a278ba7c8d137368e1e69b8f3901c71128cfcd4a1e866?s=96&d=mm&r=g\",\"caption\":\"LPDH-C\"},\"url\":\"https:\\\/\\\/direitoshumanos.pt\\\/en\\\/author\\\/lpdhc_admin\\\/\"}]}<\/script>\n<!-- \/ Yoast SEO plugin. -->","yoast_head_json":{"title":"Human Rights Day\u2013 2019 - Liga Portuguesa dos Direitos Humanos - Civitas","robots":{"index":"index","follow":"follow","max-snippet":"max-snippet:-1","max-image-preview":"max-image-preview:large","max-video-preview":"max-video-preview:-1"},"canonical":"https:\/\/direitoshumanos.pt\/en\/2022\/02\/human-rights-day-2019\/","og_locale":"en_US","og_type":"article","og_title":"Human Rights Day\u2013 2019 - Liga Portuguesa dos Direitos Humanos - Civitas","og_description":"On the 10th of December, 2019, at Museu do Oriente, Lisbon, the Portuguese Human Rights League \u2013 Civitas hold a celebratory ceremony Anniversary of the Universal Declaration of Human Rights.","og_url":"https:\/\/direitoshumanos.pt\/en\/2022\/02\/human-rights-day-2019\/","og_site_name":"Liga Portuguesa dos Direitos Humanos - Civitas","article_publisher":"https:\/\/www.facebook.com\/LPDHC","article_published_time":"2022-02-22T16:44:44+00:00","article_modified_time":"2022-02-22T16:44:47+00:00","og_image":[{"width":1900,"height":400,"url":"https:\/\/direitoshumanos.pt\/wp-content\/uploads\/dia-internacional-direitos-humanos-2019-thumb.jpg","type":"image\/jpeg"}],"author":"LPDH-C","twitter_card":"summary_large_image","twitter_misc":{"Written by":"LPDH-C","Est. reading time":"2 minutes"},"schema":{"@context":"https:\/\/schema.org","@graph":[{"@type":"Article","@id":"https:\/\/direitoshumanos.pt\/en\/2022\/02\/human-rights-day-2019\/#article","isPartOf":{"@id":"https:\/\/direitoshumanos.pt\/en\/2022\/02\/human-rights-day-2019\/"},"author":{"name":"LPDH-C","@id":"https:\/\/direitoshumanos.pt\/#\/schema\/person\/4d7d0cb377178b9b8172d84f90d844c9"},"headline":"Human Rights Day\u2013 2019","datePublished":"2022-02-22T16:44:44+00:00","dateModified":"2022-02-22T16:44:47+00:00","mainEntityOfPage":{"@id":"https:\/\/direitoshumanos.pt\/en\/2022\/02\/human-rights-day-2019\/"},"wordCount":443,"commentCount":0,"publisher":{"@id":"https:\/\/direitoshumanos.pt\/#organization"},"image":{"@id":"https:\/\/direitoshumanos.pt\/en\/2022\/02\/human-rights-day-2019\/#primaryimage"},"thumbnailUrl":"https:\/\/direitoshumanos.pt\/wp-content\/uploads\/dia-internacional-direitos-humanos-2019-thumb.jpg","articleSection":["Events","International Human Rights Day"],"inLanguage":"en-US","potentialAction":[{"@type":"CommentAction","name":"Comment","target":["https:\/\/direitoshumanos.pt\/en\/2022\/02\/human-rights-day-2019\/#respond"]}]},{"@type":"WebPage","@id":"https:\/\/direitoshumanos.pt\/en\/2022\/02\/human-rights-day-2019\/","url":"https:\/\/direitoshumanos.pt\/en\/2022\/02\/human-rights-day-2019\/","name":"Human Rights Day\u2013 2019 - Liga Portuguesa dos Direitos Humanos - Civitas","isPartOf":{"@id":"https:\/\/direitoshumanos.pt\/#website"},"primaryImageOfPage":{"@id":"https:\/\/direitoshumanos.pt\/en\/2022\/02\/human-rights-day-2019\/#primaryimage"},"image":{"@id":"https:\/\/direitoshumanos.pt\/en\/2022\/02\/human-rights-day-2019\/#primaryimage"},"thumbnailUrl":"https:\/\/direitoshumanos.pt\/wp-content\/uploads\/dia-internacional-direitos-humanos-2019-thumb.jpg","datePublished":"2022-02-22T16:44:44+00:00","dateModified":"2022-02-22T16:44:47+00:00","breadcrumb":{"@id":"https:\/\/direitoshumanos.pt\/en\/2022\/02\/human-rights-day-2019\/#breadcrumb"},"inLanguage":"en-US","potentialAction":[{"@type":"ReadAction","target":["https:\/\/direitoshumanos.pt\/en\/2022\/02\/human-rights-day-2019\/"]}]},{"@type":"ImageObject","inLanguage":"en-US","@id":"https:\/\/direitoshumanos.pt\/en\/2022\/02\/human-rights-day-2019\/#primaryimage","url":"https:\/\/direitoshumanos.pt\/wp-content\/uploads\/dia-internacional-direitos-humanos-2019-thumb.jpg","contentUrl":"https:\/\/direitoshumanos.pt\/wp-content\/uploads\/dia-internacional-direitos-humanos-2019-thumb.jpg","width":1900,"height":400,"caption":"About International Human Rights Day 2019"},{"@type":"BreadcrumbList","@id":"https:\/\/direitoshumanos.pt\/en\/2022\/02\/human-rights-day-2019\/#breadcrumb","itemListElement":[{"@type":"ListItem","position":1,"name":"In\u00edcio","item":"https:\/\/direitoshumanos.pt\/"},{"@type":"ListItem","position":2,"name":"Human Rights Day\u2013 2019"}]},{"@type":"WebSite","@id":"https:\/\/direitoshumanos.pt\/#website","url":"https:\/\/direitoshumanos.pt\/","name":"Liga Portuguesa dos Direitos Humanos - Civitas","description":"","publisher":{"@id":"https:\/\/direitoshumanos.pt\/#organization"},"potentialAction":[{"@type":"SearchAction","target":{"@type":"EntryPoint","urlTemplate":"https:\/\/direitoshumanos.pt\/?s={search_term_string}"},"query-input":{"@type":"PropertyValueSpecification","valueRequired":true,"valueName":"search_term_string"}}],"inLanguage":"en-US"},{"@type":"Organization","@id":"https:\/\/direitoshumanos.pt\/#organization","name":"Liga Portuguesa dos Direitos Humanos - Civitas","url":"https:\/\/direitoshumanos.pt\/","logo":{"@type":"ImageObject","inLanguage":"en-US","@id":"https:\/\/direitoshumanos.pt\/#\/schema\/logo\/image\/","url":"https:\/\/direitoshumanos.pt\/wp-content\/uploads\/lpdhc-main-logo-hd.png","contentUrl":"https:\/\/direitoshumanos.pt\/wp-content\/uploads\/lpdhc-main-logo-hd.png","width":400,"height":129,"caption":"Liga Portuguesa dos Direitos Humanos - Civitas"},"image":{"@id":"https:\/\/direitoshumanos.pt\/#\/schema\/logo\/image\/"},"sameAs":["https:\/\/www.facebook.com\/LPDHC","https:\/\/www.youtube.com\/channel\/UCskfZn1XOSmXr4eQdFStYPg","https:\/\/pt.wikipedia.org\/wiki\/Liga_Portuguesa_dos_Direitos_do_Homem"]},{"@type":"Person","@id":"https:\/\/direitoshumanos.pt\/#\/schema\/person\/4d7d0cb377178b9b8172d84f90d844c9","name":"LPDH-C","image":{"@type":"ImageObject","inLanguage":"en-US","@id":"https:\/\/secure.gravatar.com\/avatar\/bc8ac4f0ec7c82ad618a278ba7c8d137368e1e69b8f3901c71128cfcd4a1e866?s=96&d=mm&r=g","url":"https:\/\/secure.gravatar.com\/avatar\/bc8ac4f0ec7c82ad618a278ba7c8d137368e1e69b8f3901c71128cfcd4a1e866?s=96&d=mm&r=g","contentUrl":"https:\/\/secure.gravatar.com\/avatar\/bc8ac4f0ec7c82ad618a278ba7c8d137368e1e69b8f3901c71128cfcd4a1e866?s=96&d=mm&r=g","caption":"LPDH-C"},"url":"https:\/\/direitoshumanos.pt\/en\/author\/lpdhc_admin\/"}]}},"_links":{"self":[{"href":"https:\/\/direitoshumanos.pt\/en\/wp-json\/wp\/v2\/posts\/5531","targetHints":{"allow":["GET"]}}],"collection":[{"href":"https:\/\/direitoshumanos.pt\/en\/wp-json\/wp\/v2\/posts"}],"about":[{"href":"https:\/\/direitoshumanos.pt\/en\/wp-json\/wp\/v2\/types\/post"}],"author":[{"embeddable":true,"href":"https:\/\/direitoshumanos.pt\/en\/wp-json\/wp\/v2\/users\/2"}],"replies":[{"embeddable":true,"href":"https:\/\/direitoshumanos.pt\/en\/wp-json\/wp\/v2\/comments?post=5531"}],"version-history":[{"count":1,"href":"https:\/\/direitoshumanos.pt\/en\/wp-json\/wp\/v2\/posts\/5531\/revisions"}],"predecessor-version":[{"id":5532,"href":"https:\/\/direitoshumanos.pt\/en\/wp-json\/wp\/v2\/posts\/5531\/revisions\/5532"}],"wp:featuredmedia":[{"embeddable":true,"href":"https:\/\/direitoshumanos.pt\/en\/wp-json\/wp\/v2\/media\/4581"}],"wp:attachment":[{"href":"https:\/\/direitoshumanos.pt\/en\/wp-json\/wp\/v2\/media?parent=5531"}],"wp:term":[{"taxonomy":"category","embeddable":true,"href":"https:\/\/direitoshumanos.pt\/en\/wp-json\/wp\/v2\/categories?post=5531"},{"taxonomy":"post_tag","embeddable":true,"href":"https:\/\/direitoshumanos.pt\/en\/wp-json\/wp\/v2\/tags?post=5531"}],"curies":[{"name":"wp","href":"https:\/\/api.w.org\/{rel}","templated":true}]}}